{"id":26851,"date":"2022-11-30T19:13:46","date_gmt":"2022-11-30T22:13:46","guid":{"rendered":"https:\/\/neurodisfuncao.med.br\/?p=26851"},"modified":"2023-05-03T17:53:03","modified_gmt":"2023-05-03T20:53:03","slug":"cirurgia-na-medula-entrevista-com-dr-nucelio-lemos-tv-cultura","status":"publish","type":"post","link":"https:\/\/neurodisfuncao.med.br\/?p=26851","title":{"rendered":"Cirurgia na medula &#8211; Entrevista com Dr. Nucelio Lemos, TV Cultura"},"content":{"rendered":"\n<p><\/p>\n\n\n\n<p>Entrevista na TV Cultura com Prof. Dr. Nucelio Lemos, M\u00e9dico que trouxe a t\u00e9cnica de neuromodula\u00e7\u00e3o para o Brasil, respons\u00e1vel pelo setor de neuro disfun\u00e7\u00f5es da Escola Paulista de Medicina da Unifesp. <\/p>\n\n\n\n<p>Confira:<\/p>\n\n\n\n<figure class=\"wp-block-embed is-type-video is-provider-youtube wp-block-embed-youtube wp-embed-aspect-16-9 wp-has-aspect-ratio\"><div class=\"wp-block-embed__wrapper\">\n<iframe loading=\"lazy\" title=\"Dr. Nucelio Lemos fala sobre a cirurgia da medula\" width=\"500\" height=\"281\" src=\"https:\/\/www.youtube.com\/embed\/IN2jLkmrjU0?feature=oembed\" frameborder=\"0\" allow=\"accelerometer; autoplay; clipboard-write; encrypted-media; gyroscope; picture-in-picture; web-share\" referrerpolicy=\"strict-origin-when-cross-origin\" allowfullscreen><\/iframe>\n<\/div><\/figure>\n\n\n\n<p><\/p>\n\n\n\n<p><\/p>\n\n\n\n<p>Veja mais not\u00edcias da TV Cultura em <a href=\"https:\/\/www.youtube.com\/@JornalismoTVCultura\" target=\"_blank\" rel=\"noreferrer noopener\">https:\/\/www.youtube.com\/@JornalismoTVCultura<\/a><\/p>\n","protected":false},"excerpt":{"rendered":"<p>Entrevista na TV Cultura com Prof. Dr. Nucelio Lemos, M\u00e9dico que trouxe a t\u00e9cnica de neuromodula\u00e7\u00e3o para o Brasil, respons\u00e1vel pelo setor de neuro disfun\u00e7\u00f5es da Escola Paulista de Medicina da Unifesp. <\/p>\n","protected":false},"author":5,"featured_media":26852,"comment_status":"open","ping_status":"open","sticky":false,"template":"","format":"standard","meta":{"footnotes":""},"categories":[24],"tags":[39,25,22,40,36,35,37,38,23],"class_list":["post-26851","post","type-post","status-publish","format-standard","has-post-thumbnail","hentry","category-imprensa","tag-cirurgia-paraplegia","tag-entrevista","tag-imprensa","tag-lesao-medular","tag-neurodisfuncao-pelvica","tag-neuromodulacao","tag-paraplegia","tag-tetraplegia","tag-video"],"_links":{"self":[{"href":"https:\/\/neurodisfuncao.med.br\/index.php?rest_route=\/wp\/v2\/posts\/26851","targetHints":{"allow":["GET"]}}],"collection":[{"href":"https:\/\/neurodisfuncao.med.br\/index.php?rest_route=\/wp\/v2\/posts"}],"about":[{"href":"https:\/\/neurodisfuncao.med.br\/index.php?rest_route=\/wp\/v2\/types\/post"}],"author":[{"embeddable":true,"href":"https:\/\/neurodisfuncao.med.br\/index.php?rest_route=\/wp\/v2\/users\/5"}],"replies":[{"embeddable":true,"href":"https:\/\/neurodisfuncao.med.br\/index.php?rest_route=%2Fwp%2Fv2%2Fcomments&post=26851"}],"version-history":[{"count":1,"href":"https:\/\/neurodisfuncao.med.br\/index.php?rest_route=\/wp\/v2\/posts\/26851\/revisions"}],"predecessor-version":[{"id":26853,"href":"https:\/\/neurodisfuncao.med.br\/index.php?rest_route=\/wp\/v2\/posts\/26851\/revisions\/26853"}],"wp:featuredmedia":[{"embeddable":true,"href":"https:\/\/neurodisfuncao.med.br\/index.php?rest_route=\/wp\/v2\/media\/26852"}],"wp:attachment":[{"href":"https:\/\/neurodisfuncao.med.br\/index.php?rest_route=%2Fwp%2Fv2%2Fmedia&parent=26851"}],"wp:term":[{"taxonomy":"category","embeddable":true,"href":"https:\/\/neurodisfuncao.med.br\/index.php?rest_route=%2Fwp%2Fv2%2Fcategories&post=26851"},{"taxonomy":"post_tag","embeddable":true,"href":"https:\/\/neurodisfuncao.med.br\/index.php?rest_route=%2Fwp%2Fv2%2Ftags&post=26851"}],"curies":[{"name":"wp","href":"https:\/\/api.w.org\/{rel}","templated":true}]}}