{"id":26824,"date":"2022-11-30T18:22:14","date_gmt":"2022-11-30T21:22:14","guid":{"rendered":"https:\/\/neurodisfuncao.med.br\/?p=26824"},"modified":"2023-05-03T18:32:12","modified_gmt":"2023-05-03T21:32:12","slug":"cirurgia-resgata-movimento-de-paraplegicos-entrevista-com-prof-dr-nucelio-lemos-tv-faz-muito-bem","status":"publish","type":"post","link":"https:\/\/neurodisfuncao.med.br\/?p=26824","title":{"rendered":"Cirurgia resgata movimento de parapl\u00e9gicos &#8211; Entrevista com Prof. Dr. Nuc\u00e9lio Lemos &#8211; TV Faz Muito Bem"},"content":{"rendered":"\n<p>Uma nova t\u00e9cnica trazida ao Brasil pelo Prof. Dr. Nuc\u00e9lio Lemos ajuda a resgatar movimentos de pessoas parapl\u00e9gicas em fun\u00e7\u00e3o de les\u00e3o medular. Saiba mais na entrevista de Lina Menezes com o m\u00e9dico.<\/p>\n\n\n<p>Confira a entrevista, na \u00edntegra, a seguir.<\/p>\n\n\n<p><\/p>\n<p><iframe loading=\"lazy\" title=\"CIRURGIA RESGATA MOVIMENTO DE PARAPL\u00c9GICOS COM NUCELIO LEMOS - TV FAZ MUITO BEM\" width=\"500\" height=\"375\" src=\"https:\/\/www.youtube.com\/embed\/gwI-DaYoVqM?feature=oembed\" frameborder=\"0\" allow=\"accelerometer; autoplay; clipboard-write; encrypted-media; gyroscope; picture-in-picture; web-share\" referrerpolicy=\"strict-origin-when-cross-origin\" allowfullscreen><\/iframe><\/p>","protected":false},"excerpt":{"rendered":"<p>Uma nova t\u00e9cnica trazida ao Brasil pelo Prof. Dr. Nuc\u00e9lio Lemos ajuda a resgatar movimentos de pessoas parapl\u00e9gicas em fun\u00e7\u00e3o de les\u00e3o medular. Saiba mais na entrevista de Lina Menezes com o m\u00e9dico. Confira a entrevista, na \u00edntegra, a seguir.<\/p>\n","protected":false},"author":5,"featured_media":26832,"comment_status":"open","ping_status":"open","sticky":false,"template":"","format":"standard","meta":{"footnotes":""},"categories":[24,11],"tags":[68,67,43,22,40,69,55,63,51,35,42,37,64,53,70,38,65,23],"class_list":["post-26824","post","type-post","status-publish","format-standard","has-post-thumbnail","hentry","category-imprensa","category-posts","tag-continencia-fecal","tag-continencia-urinaria","tag-eletrodos","tag-imprensa","tag-lesao-medular","tag-marc-possover","tag-marcha","tag-movimento","tag-nervos-pelvicos","tag-neuromodulacao","tag-nucelio-lemos","tag-paraplegia","tag-paraplegico","tag-plexo-lombossacral","tag-reabilitacao","tag-tetraplegia","tag-tetraplegico","tag-video"],"_links":{"self":[{"href":"https:\/\/neurodisfuncao.med.br\/index.php?rest_route=\/wp\/v2\/posts\/26824","targetHints":{"allow":["GET"]}}],"collection":[{"href":"https:\/\/neurodisfuncao.med.br\/index.php?rest_route=\/wp\/v2\/posts"}],"about":[{"href":"https:\/\/neurodisfuncao.med.br\/index.php?rest_route=\/wp\/v2\/types\/post"}],"author":[{"embeddable":true,"href":"https:\/\/neurodisfuncao.med.br\/index.php?rest_route=\/wp\/v2\/users\/5"}],"replies":[{"embeddable":true,"href":"https:\/\/neurodisfuncao.med.br\/index.php?rest_route=%2Fwp%2Fv2%2Fcomments&post=26824"}],"version-history":[{"count":11,"href":"https:\/\/neurodisfuncao.med.br\/index.php?rest_route=\/wp\/v2\/posts\/26824\/revisions"}],"predecessor-version":[{"id":26864,"href":"https:\/\/neurodisfuncao.med.br\/index.php?rest_route=\/wp\/v2\/posts\/26824\/revisions\/26864"}],"wp:featuredmedia":[{"embeddable":true,"href":"https:\/\/neurodisfuncao.med.br\/index.php?rest_route=\/wp\/v2\/media\/26832"}],"wp:attachment":[{"href":"https:\/\/neurodisfuncao.med.br\/index.php?rest_route=%2Fwp%2Fv2%2Fmedia&parent=26824"}],"wp:term":[{"taxonomy":"category","embeddable":true,"href":"https:\/\/neurodisfuncao.med.br\/index.php?rest_route=%2Fwp%2Fv2%2Fcategories&post=26824"},{"taxonomy":"post_tag","embeddable":true,"href":"https:\/\/neurodisfuncao.med.br\/index.php?rest_route=%2Fwp%2Fv2%2Ftags&post=26824"}],"curies":[{"name":"wp","href":"https:\/\/api.w.org\/{rel}","templated":true}]}}