{"id":26415,"date":"2021-09-01T12:33:56","date_gmt":"2021-09-01T15:33:56","guid":{"rendered":"https:\/\/neurodisfuncao.med.br\/?p=26415"},"modified":"2023-05-03T20:17:44","modified_gmt":"2023-05-03T23:17:44","slug":"alteracoes-agudas-cronicas-lesao-medular","status":"publish","type":"post","link":"https:\/\/neurodisfuncao.med.br\/?p=26415","title":{"rendered":"Altera\u00e7\u00f5es agudas e cr\u00f4nicas ap\u00f3s les\u00e3o medular"},"content":{"rendered":"\n<p>Nos primeiros meses ap\u00f3s a<strong> les\u00e3o medular (LM)<\/strong>, o organismo do paciente sofre uma s\u00e9rie de altera\u00e7\u00f5es decorrentes da redu\u00e7\u00e3o da atividade nervosa, por exemplo:<\/p>\n\n\n\n<ul class=\"wp-block-list\"><li>redu\u00e7\u00e3o da press\u00e3o arterial e da frequ\u00eancia card\u00edaca;<\/li><li>risco de insufici\u00eancias card\u00edaca e respirat\u00f3ria;<\/li><li>altera\u00e7\u00f5es no sistema que regula a temperatura do organismo;<\/li><li>perda do t\u00f4nus muscular.<\/li><\/ul>\n\n\n\n<p>Passada esta fase, o organismo come\u00e7a a se adaptar \u00e0 nova condi\u00e7\u00e3o, redistribuindo algumas fun\u00e7\u00f5es e os neur\u00f4nios da medula assumem a fun\u00e7\u00e3o que antes cabia ao c\u00e9rebro, que foi desconectado do sistema. Este fen\u00f4meno chama-se neuroplasticidade.<\/p>\n\n\n\n<h2 class=\"wp-block-heading\">Aspectos da espasticidade<\/h2>\n\n\n\n<p>Boa parte dos problemas enfrentados por estes indiv\u00edduos s\u00e3o consequ\u00eancia da forma desordenada com que se d\u00e1 este fen\u00f4meno.<\/p>\n\n\n\n<p>Um desses problemas, presente em 80% dos portadores de LM, \u00e9 a espasticidade, uma contra\u00e7\u00e3o muscular involunt\u00e1ria em grupos musculares localizados abaixo do n\u00edvel da les\u00e3o.<\/p>\n\n\n\n<p>A espasticidade apresenta consequ\u00eancias ben\u00e9ficas e prejudiciais. Entre as ben\u00e9ficas est\u00e3o a possibilidade de sentar e at\u00e9 mesmo ficar em p\u00e9, permitindo relativo grau de independ\u00eancia para a realiza\u00e7\u00e3o de algumas atividades do cotidiano, como se vestir e at\u00e9 mesmo andar.<\/p>\n\n\n\n<p>No entanto, h\u00e1 o impacto negativo da espasticidade. Dor, risco de queda e cansa\u00e7o s\u00e3o alguns deles. Al\u00e9m disso, os espasmos tamb\u00e9m prejudicam o sono e causam transtornos na mobilidade, na realiza\u00e7\u00e3o de transfer\u00eancias do paciente e na atividade dos cuidadores. Por fim, a contra\u00e7\u00e3o muscular prolongada pode tamb\u00e9m causar deformidades articulares e reduzir a amplitude de movimento.<\/p>\n","protected":false},"excerpt":{"rendered":"<p>Nos primeiros meses ap\u00f3s a les\u00e3o medular (LM), o organismo do paciente sofre uma s\u00e9rie de altera\u00e7\u00f5es decorrentes da redu\u00e7\u00e3o da atividade nervosa, por exemplo: redu\u00e7\u00e3o da press\u00e3o arterial e da frequ\u00eancia card\u00edaca; risco de insufici\u00eancias card\u00edaca e respirat\u00f3ria; altera\u00e7\u00f5es no sistema que regula a temperatura do organismo; perda do t\u00f4nus muscular. Passada esta fase, [&hellip;]<\/p>\n","protected":false},"author":1,"featured_media":0,"comment_status":"open","ping_status":"open","sticky":false,"template":"","format":"standard","meta":{"footnotes":""},"categories":[7,8],"tags":[143,132,130,144,145,40,148,150,147,149,146],"class_list":["post-26415","post","type-post","status-publish","format-standard","hentry","category-informacoes-para-o-publico-geral","category-lesao-medular","tag-alteracoes-cardiovasculares","tag-contracao-muscular","tag-espasticidade","tag-funcao-cardiaca","tag-funcao-respiratoria","tag-lesao-medular","tag-medula","tag-mobilidade","tag-neuronios","tag-neuroplasticidade","tag-tonus-muscular"],"_links":{"self":[{"href":"https:\/\/neurodisfuncao.med.br\/index.php?rest_route=\/wp\/v2\/posts\/26415","targetHints":{"allow":["GET"]}}],"collection":[{"href":"https:\/\/neurodisfuncao.med.br\/index.php?rest_route=\/wp\/v2\/posts"}],"about":[{"href":"https:\/\/neurodisfuncao.med.br\/index.php?rest_route=\/wp\/v2\/types\/post"}],"author":[{"embeddable":true,"href":"https:\/\/neurodisfuncao.med.br\/index.php?rest_route=\/wp\/v2\/users\/1"}],"replies":[{"embeddable":true,"href":"https:\/\/neurodisfuncao.med.br\/index.php?rest_route=%2Fwp%2Fv2%2Fcomments&post=26415"}],"version-history":[{"count":1,"href":"https:\/\/neurodisfuncao.med.br\/index.php?rest_route=\/wp\/v2\/posts\/26415\/revisions"}],"predecessor-version":[{"id":26942,"href":"https:\/\/neurodisfuncao.med.br\/index.php?rest_route=\/wp\/v2\/posts\/26415\/revisions\/26942"}],"wp:attachment":[{"href":"https:\/\/neurodisfuncao.med.br\/index.php?rest_route=%2Fwp%2Fv2%2Fmedia&parent=26415"}],"wp:term":[{"taxonomy":"category","embeddable":true,"href":"https:\/\/neurodisfuncao.med.br\/index.php?rest_route=%2Fwp%2Fv2%2Fcategories&post=26415"},{"taxonomy":"post_tag","embeddable":true,"href":"https:\/\/neurodisfuncao.med.br\/index.php?rest_route=%2Fwp%2Fv2%2Ftags&post=26415"}],"curies":[{"name":"wp","href":"https:\/\/api.w.org\/{rel}","templated":true}]}}