{"id":25790,"date":"2021-05-03T12:07:09","date_gmt":"2021-05-03T15:07:09","guid":{"rendered":"https:\/\/neurodisfuncao.med.br\/?p=25790"},"modified":"2023-07-05T19:19:09","modified_gmt":"2023-07-05T22:19:09","slug":"o-que-e-endometriose-neurodisfuncao-pelvica","status":"publish","type":"post","link":"https:\/\/neurodisfuncao.med.br\/?p=25790","title":{"rendered":"O que \u00e9 a endometriose?"},"content":{"rendered":"\n<p>Importante causa de dor p\u00e9lvica cr\u00f4nica e infertilidade, a <strong>endometriose<\/strong> \u00e9 uma doen\u00e7a relacionada ao endom\u00e9trio, o tecido que reveste a parte interna do \u00fatero.<\/p>\n\n\n\n<p>Com atividade controlada pela a\u00e7\u00e3o dos horm\u00f4nios femininos, as c\u00e9lulas do endom\u00e9trio se multiplicam para servir de suporte da gesta\u00e7\u00e3o. Com isso, elas oferecem as condi\u00e7\u00f5es necess\u00e1rias para a implanta\u00e7\u00e3o do embri\u00e3o e forma\u00e7\u00e3o da placenta.<\/p>\n\n\n\n<p>Caso a gesta\u00e7\u00e3o n\u00e3o aconte\u00e7a, o tecido descama e o organismo o expele forma de fluxo menstrual. Come\u00e7a, ent\u00e3o, um novo ciclo.<\/p>\n\n\n\n<p>Existem casos em que o endom\u00e9trio se desenvolve fora do \u00fatero, nas cavidades p\u00e9lvica ou abdominal, ou acometendo \u00f3rg\u00e3os como tubas uterinas, ov\u00e1rios, intestinos ou bexiga, caracterizando a endometriose. Este tecido passa a ser estimulado da mesma maneira que o tecido de dentro do \u00fatero, pelos horm\u00f4nios femininos.<\/p>\n\n\n\n<p>Assim, mensalmente os implantes se espessam e sangram, podendo infiltrar e provocar ader\u00eancias entre as estruturas vizinhas, prejudicando a fun\u00e7\u00e3o dos \u00f3rg\u00e3os acometidos e causando dor. A inflama\u00e7\u00e3o e as ader\u00eancias geradas pela endometriose podem levar \u00e0 infertilidade.<\/p>\n\n\n\n<p>Veja <a href=\"https:\/\/www.youtube.com\/watch?v=3sbtUYhzJKo\" target=\"_blank\" rel=\"noreferrer noopener\">este v\u00eddeo<\/a> para saber mais.<\/p>\n","protected":false},"excerpt":{"rendered":"<p>Importante causa de dor p\u00e9lvica cr\u00f4nica e infertilidade, a endometriose \u00e9 uma doen\u00e7a relacionada ao endom\u00e9trio, o tecido que reveste a parte interna do \u00fatero. Com atividade controlada pela a\u00e7\u00e3o dos horm\u00f4nios femininos, as c\u00e9lulas do endom\u00e9trio se multiplicam para servir de suporte da gesta\u00e7\u00e3o. Com isso, elas oferecem as condi\u00e7\u00f5es necess\u00e1rias para a implanta\u00e7\u00e3o [&hellip;]<\/p>\n","protected":false},"author":1,"featured_media":0,"comment_status":"open","ping_status":"open","sticky":false,"template":"","format":"standard","meta":{"footnotes":""},"categories":[5,7],"tags":[425,419,418,364,48,414,13,423,422,417,416,424,408,395,405,381,421,420,415],"class_list":["post-25790","post","type-post","status-publish","format-standard","hentry","category-endometriose","category-informacoes-para-o-publico-geral","tag-aderencias","tag-cavidade-pelvica","tag-ciclo-menstrual","tag-dor","tag-dor-pelvica-cronica","tag-endometrio","tag-endometriose","tag-endometriose-de-bexiga","tag-endometriose-intestinal","tag-fluxo-menstrual","tag-hormonios-femininos","tag-implantes","tag-implantes-de-endometriose","tag-infertilidade","tag-inflamacao","tag-menstruacao","tag-ovario","tag-tubas-uterinas","tag-utero"],"_links":{"self":[{"href":"https:\/\/neurodisfuncao.med.br\/index.php?rest_route=\/wp\/v2\/posts\/25790","targetHints":{"allow":["GET"]}}],"collection":[{"href":"https:\/\/neurodisfuncao.med.br\/index.php?rest_route=\/wp\/v2\/posts"}],"about":[{"href":"https:\/\/neurodisfuncao.med.br\/index.php?rest_route=\/wp\/v2\/types\/post"}],"author":[{"embeddable":true,"href":"https:\/\/neurodisfuncao.med.br\/index.php?rest_route=\/wp\/v2\/users\/1"}],"replies":[{"embeddable":true,"href":"https:\/\/neurodisfuncao.med.br\/index.php?rest_route=%2Fwp%2Fv2%2Fcomments&post=25790"}],"version-history":[{"count":1,"href":"https:\/\/neurodisfuncao.med.br\/index.php?rest_route=\/wp\/v2\/posts\/25790\/revisions"}],"predecessor-version":[{"id":26964,"href":"https:\/\/neurodisfuncao.med.br\/index.php?rest_route=\/wp\/v2\/posts\/25790\/revisions\/26964"}],"wp:attachment":[{"href":"https:\/\/neurodisfuncao.med.br\/index.php?rest_route=%2Fwp%2Fv2%2Fmedia&parent=25790"}],"wp:term":[{"taxonomy":"category","embeddable":true,"href":"https:\/\/neurodisfuncao.med.br\/index.php?rest_route=%2Fwp%2Fv2%2Fcategories&post=25790"},{"taxonomy":"post_tag","embeddable":true,"href":"https:\/\/neurodisfuncao.med.br\/index.php?rest_route=%2Fwp%2Fv2%2Ftags&post=25790"}],"curies":[{"name":"wp","href":"https:\/\/api.w.org\/{rel}","templated":true}]}}