{"id":25764,"date":"2021-04-30T11:38:09","date_gmt":"2021-04-30T14:38:09","guid":{"rendered":"https:\/\/neurodisfuncao.med.br\/?p=25764"},"modified":"2023-07-05T19:51:53","modified_gmt":"2023-07-05T22:51:53","slug":"compressao-vascular-neurodisfuncao-pelvica","status":"publish","type":"post","link":"https:\/\/neurodisfuncao.med.br\/?p=25764","title":{"rendered":"Compress\u00e3o vascular"},"content":{"rendered":"\n<p>Em suma, as <strong>varizes p\u00e9lvicas<\/strong> s\u00e3o uma etiologia conhecida como dor <strong>p\u00e9lvica cr\u00f4nica<\/strong>, normalmente associada \u00e0 congest\u00e3o da veia ovariana. (Freedman et al, 2010) <\/p>\n\n\n\n<p>Por\u00e9m, pouco se encontra na literatura algo sobre o papel das demais varizes p\u00e9lvicas, comumente encontradas na pr\u00e1tica ginecol\u00f3gica (Figura 1).<\/p>\n\n\n\n<p>Al\u00e9m disso, todos os procedimentos cir\u00fargicos p\u00e9lvicos e perineais podem causar hematomas retroperitoneais. Abscessos e hematomas nestas regi\u00f5es podem, durante o processo de cicatriza\u00e7\u00e3o, induzir a forma\u00e7\u00e3o de vasos an\u00f4malos que podem comprimir os nervos do plexo sacral (Figura 2).<\/p>\n\n\n\n<p>O derm\u00e1tomo dos sintomas vai depender do(s) nervo(s) afetado(s). E a queixa, em geral, \u00e9 de dor c\u00edclica, com hiperestesia e alod\u00ednia, piorando no per\u00edodo perimenstrual. Tamb\u00e9m pode haver piora durante a atividade f\u00edsica, ou seja, nas situa\u00e7\u00f5es em que ocorre ingurgitamento dos vasos an\u00f4malos, acentuando a compress\u00e3o.<\/p>\n\n\n\n<p>Nestas situa\u00e7\u00f5es realiza-se o tratamento por meio da laparoscopia, com a ressec\u00e7\u00e3o dos vasos an\u00f4malos. Assista a <a href=\"https:\/\/www.youtube.com\/watch?v=Z7u-bQ2tDuQ\" target=\"_blank\" rel=\"noreferrer noopener\">este v\u00eddeo<\/a>.<\/p>\n","protected":false},"excerpt":{"rendered":"<p>Em suma, as varizes p\u00e9lvicas s\u00e3o uma etiologia conhecida como dor p\u00e9lvica cr\u00f4nica, normalmente associada \u00e0 congest\u00e3o da veia ovariana. (Freedman et al, 2010) Por\u00e9m, pouco se encontra na literatura algo sobre o papel das demais varizes p\u00e9lvicas, comumente encontradas na pr\u00e1tica ginecol\u00f3gica (Figura 1). Al\u00e9m disso, todos os procedimentos cir\u00fargicos p\u00e9lvicos e perineais podem [&hellip;]<\/p>\n","protected":false},"author":1,"featured_media":0,"comment_status":"open","ping_status":"open","sticky":false,"template":"","format":"standard","meta":{"footnotes":""},"categories":[4,6,7,12],"tags":[434,478,97,470,108,475,364,117,48,473,118,477,194,433,476,373,113,472,471,426,479,107,474],"class_list":["post-25764","post","type-post","status-publish","format-standard","hentry","category-dor","category-informacoes-para-o-profisisonal-da-saude","category-informacoes-para-o-publico-geral","category-radiculopatias-intrapelvicas","tag-anodinia","tag-compressao","tag-compressao-vascular","tag-congestao-de-veia-ovariano","tag-congestao-pelvica","tag-dermatomos","tag-dor","tag-dor-ciclica","tag-dor-pelvica-cronica","tag-hematoma-retroperitoneal","tag-hiperestesia","tag-ingurgitamento","tag-laparoscopia","tag-nervo-afetado","tag-perimenstrual","tag-periodo-menstrual","tag-plexo-sacral","tag-procedimento-perineal","tag-procedimentos-pelvicos","tag-radiculopatia-intrapelvica","tag-resseccao-de-vasos-anomalos","tag-varizes-pelvicas","tag-vasos-anomalos"],"_links":{"self":[{"href":"https:\/\/neurodisfuncao.med.br\/index.php?rest_route=\/wp\/v2\/posts\/25764","targetHints":{"allow":["GET"]}}],"collection":[{"href":"https:\/\/neurodisfuncao.med.br\/index.php?rest_route=\/wp\/v2\/posts"}],"about":[{"href":"https:\/\/neurodisfuncao.med.br\/index.php?rest_route=\/wp\/v2\/types\/post"}],"author":[{"embeddable":true,"href":"https:\/\/neurodisfuncao.med.br\/index.php?rest_route=\/wp\/v2\/users\/1"}],"replies":[{"embeddable":true,"href":"https:\/\/neurodisfuncao.med.br\/index.php?rest_route=%2Fwp%2Fv2%2Fcomments&post=25764"}],"version-history":[{"count":1,"href":"https:\/\/neurodisfuncao.med.br\/index.php?rest_route=\/wp\/v2\/posts\/25764\/revisions"}],"predecessor-version":[{"id":26967,"href":"https:\/\/neurodisfuncao.med.br\/index.php?rest_route=\/wp\/v2\/posts\/25764\/revisions\/26967"}],"wp:attachment":[{"href":"https:\/\/neurodisfuncao.med.br\/index.php?rest_route=%2Fwp%2Fv2%2Fmedia&parent=25764"}],"wp:term":[{"taxonomy":"category","embeddable":true,"href":"https:\/\/neurodisfuncao.med.br\/index.php?rest_route=%2Fwp%2Fv2%2Fcategories&post=25764"},{"taxonomy":"post_tag","embeddable":true,"href":"https:\/\/neurodisfuncao.med.br\/index.php?rest_route=%2Fwp%2Fv2%2Ftags&post=25764"}],"curies":[{"name":"wp","href":"https:\/\/api.w.org\/{rel}","templated":true}]}}